{"id":8598,"date":"2026-03-08T07:00:55","date_gmt":"2026-03-08T10:00:55","guid":{"rendered":"https:\/\/asfcee.org.br\/?p=8598"},"modified":"2026-03-17T14:22:22","modified_gmt":"2026-03-17T17:22:22","slug":"dia-internacional-da-mulher-2","status":"publish","type":"post","link":"https:\/\/asfcee.org.br\/index.php\/2026\/03\/08\/dia-internacional-da-mulher-2\/","title":{"rendered":"DIA INTERNACIONAL DA MULHER"},"content":{"rendered":"<p>Hoje celebramos a for\u00e7a, a dedica\u00e7\u00e3o e a trajet\u00f3ria de todas as mulheres que, com coragem e determina\u00e7\u00e3o, fazem a diferen\u00e7a todos os dias.<\/p>\n<p>Cada uma carrega sua pr\u00f3pria hist\u00f3ria de luta, supera\u00e7\u00e3o e conquistas. Seja na fam\u00edlia, no trabalho ou na sociedade, elas seguem transformando realidades, inspirando pessoas e abrindo caminhos para as pr\u00f3ximas gera\u00e7\u00f5es.<\/p>\n<p>Neste Dia Internacional da Mulher, a ASFCEE presta sua homenagem e reconhecimento a todas as mulheres que, com sensibilidade e firmeza, constroem um mundo mais justo, humano e solid\u00e1rio.<\/p>\n<p>Nosso respeito, admira\u00e7\u00e3o e gratid\u00e3o a cada uma que, com sua presen\u00e7a e seu trabalho, fortalece nossa comunidade.<\/p>\n<p>Feliz Dia Internacional das Mulheres! \ud83c\udf37<\/p>\n<p><a class=\"x1i10hfl xjbqb8w x1ejq31n x18oe1m7 x1sy0etr xstzfhl x972fbf x10w94by x1qhh985 x14e42zd x9f619 x1ypdohk xt0psk2 x3ct3a4 xdj266r x14z9mp xat24cr x1lziwak xexx8yu xyri2b x18d9i69 x1c1uobl x16tdsg8 x1hl2dhg xggy1nq x1a2a7pz  _aa9_ _a6hd\" tabindex=\"0\" role=\"link\" href=\"https:\/\/www.instagram.com\/explore\/tags\/descri%C3%A7%C3%A3odaimagem\/\">#Descri\u00e7\u00e3odaImagem<\/a>: imagem com fundo em tons de rosa claro e flores ao fundo. Ao centro, a Diretoria da ASFCEE, vestindo roupas brancas e claras, organizadas em tr\u00eas fileiras e sorrindo para a c\u00e2mera. Na parte inferior da imagem h\u00e1 um degrad\u00ea em rosa que destaca o texto. A frase principal aparece em branco e rosa: \u201cN\u00f3s parabenizamos \u00e0s guerreiras, que enfrentam cada dia com coragem e determina\u00e7\u00e3o.\u201d Abaixo est\u00e1 escrito \u201cFeliz Dia Internacional das Mulheres\u201d e, no rodap\u00e9, o logotipo da ASFCEE em branco.<\/p>\n<p><img decoding=\"async\" loading=\"lazy\" class=\"alignnone size-medium wp-image-8599\" src=\"https:\/\/asfcee.org.br\/wp-content\/uploads\/2026\/03\/SaveClip.App_649236997_18058062407694274_4187320990492429914_n-240x300.jpg\" alt=\"\" width=\"240\" height=\"300\" srcset=\"https:\/\/asfcee.org.br\/wp-content\/uploads\/2026\/03\/SaveClip.App_649236997_18058062407694274_4187320990492429914_n-240x300.jpg 240w, https:\/\/asfcee.org.br\/wp-content\/uploads\/2026\/03\/SaveClip.App_649236997_18058062407694274_4187320990492429914_n-819x1024.jpg 819w, https:\/\/asfcee.org.br\/wp-content\/uploads\/2026\/03\/SaveClip.App_649236997_18058062407694274_4187320990492429914_n-768x960.jpg 768w, https:\/\/asfcee.org.br\/wp-content\/uploads\/2026\/03\/SaveClip.App_649236997_18058062407694274_4187320990492429914_n.jpg 1080w\" sizes=\"(max-width: 240px) 100vw, 240px\" \/><\/p>\n","protected":false},"excerpt":{"rendered":"<p>Hoje celebramos a for\u00e7a, a dedica\u00e7\u00e3o e a trajet\u00f3ria de todas as mulheres que, com coragem e determina\u00e7\u00e3o, fazem a diferen\u00e7a todos os dias. Cada uma carrega sua pr\u00f3pria hist\u00f3ria de luta, supera\u00e7\u00e3o e conquistas. Seja na fam\u00edlia, no trabalho ou na sociedade, elas seguem transformando realidades, inspirando pessoas e abrindo caminhos para as pr\u00f3ximas [&hellip;]<\/p>\n","protected":false},"author":6,"featured_media":8599,"comment_status":"open","ping_status":"open","sticky":false,"template":"","format":"standard","meta":[],"categories":[59,46,54,47,48],"tags":[],"_links":{"self":[{"href":"https:\/\/asfcee.org.br\/index.php\/wp-json\/wp\/v2\/posts\/8598"}],"collection":[{"href":"https:\/\/asfcee.org.br\/index.php\/wp-json\/wp\/v2\/posts"}],"about":[{"href":"https:\/\/asfcee.org.br\/index.php\/wp-json\/wp\/v2\/types\/post"}],"author":[{"embeddable":true,"href":"https:\/\/asfcee.org.br\/index.php\/wp-json\/wp\/v2\/users\/6"}],"replies":[{"embeddable":true,"href":"https:\/\/asfcee.org.br\/index.php\/wp-json\/wp\/v2\/comments?post=8598"}],"version-history":[{"count":1,"href":"https:\/\/asfcee.org.br\/index.php\/wp-json\/wp\/v2\/posts\/8598\/revisions"}],"predecessor-version":[{"id":8600,"href":"https:\/\/asfcee.org.br\/index.php\/wp-json\/wp\/v2\/posts\/8598\/revisions\/8600"}],"wp:featuredmedia":[{"embeddable":true,"href":"https:\/\/asfcee.org.br\/index.php\/wp-json\/wp\/v2\/media\/8599"}],"wp:attachment":[{"href":"https:\/\/asfcee.org.br\/index.php\/wp-json\/wp\/v2\/media?parent=8598"}],"wp:term":[{"taxonomy":"category","embeddable":true,"href":"https:\/\/asfcee.org.br\/index.php\/wp-json\/wp\/v2\/categories?post=8598"},{"taxonomy":"post_tag","embeddable":true,"href":"https:\/\/asfcee.org.br\/index.php\/wp-json\/wp\/v2\/tags?post=8598"}],"curies":[{"name":"wp","href":"https:\/\/api.w.org\/{rel}","templated":true}]}}