{"id":8759,"date":"2026-08-07T07:00:47","date_gmt":"2026-08-07T10:00:47","guid":{"rendered":"https:\/\/asfcee.org.br\/?p=8759"},"modified":"2026-08-31T09:23:44","modified_gmt":"2026-08-31T12:23:44","slug":"agosto-lilas-2","status":"publish","type":"post","link":"https:\/\/asfcee.org.br\/index.php\/2026\/08\/07\/agosto-lilas-2\/","title":{"rendered":"AGOSTO LIL\u00c1S"},"content":{"rendered":"<p>Agosto Lil\u00e1s \u00e9 um m\u00eas dedicado \u00e0 conscientiza\u00e7\u00e3o, \u00e0 preven\u00e7\u00e3o e ao enfrentamento da viol\u00eancia dom\u00e9stica e familiar contra a mulher. \u00c9 um per\u00edodo para ampliar o di\u00e1logo sobre o tema, fortalecer a rede de apoio e refor\u00e7ar que toda mulher tem o direito de viver com respeito, dignidade e seguran\u00e7a.<\/p>\n<p>A viol\u00eancia pode se manifestar de diferentes formas, como f\u00edsica, psicol\u00f3gica, moral, sexual e patrimonial. Reconhecer os sinais, buscar ajuda e denunciar s\u00e3o passos fundamentais para romper o ciclo da viol\u00eancia e garantir prote\u00e7\u00e3o \u00e0s v\u00edtimas.<\/p>\n<p>A ASFCEE reafirma seu compromisso com a conscientiza\u00e7\u00e3o e a informa\u00e7\u00e3o, incentivando o respeito, a empatia e a defesa dos direitos das mulheres. Juntos, podemos construir uma sociedade mais segura, justa e livre de viol\u00eancia.<\/p>\n<p>JUNTOS, SOMOS MAIS FORTES! \ud83d\udc9c<\/p>\n<p><a class=\"x1i10hfl xjbqb8w x1ejq31n x18oe1m7 x1sy0etr xstzfhl x972fbf x10w94by x1qhh985 x14e42zd x9f619 x1ypdohk xt0psk2 x3ct3a4 xdj266r x14z9mp xat24cr x1lziwak xexx8yu xyri2b x18d9i69 x1c1uobl x16tdsg8 x1hl2dhg xggy1nq x1a2a7pz  _aa9_ _a6hd\" tabindex=\"0\" role=\"link\" href=\"https:\/\/www.instagram.com\/explore\/tags\/descri%C3%A7%C3%A3odaimagem\/\">#Descri\u00e7\u00e3odaImagem<\/a>: arte com fundo claro e o texto \u201cAgosto Lil\u00e1s &#8211; M\u00eas de Conscientiza\u00e7\u00e3o ao Combate \u00e0 Viol\u00eancia Contra a Mulher\u201d. \u00c0 direita, um grande la\u00e7o lil\u00e1s simboliza a campanha. O texto destaca o direito das mulheres de viver com respeito, dignidade e seguran\u00e7a, apresenta as diferentes formas de viol\u00eancia dom\u00e9stica e familiar, refor\u00e7a a import\u00e2ncia de identificar os sinais e buscar ajuda, al\u00e9m de mencionar a Lei Maria da Penha como instrumento de prote\u00e7\u00e3o. Na parte inferior, aparece o logotipo da ASFCEE.<\/p>\n<p><img decoding=\"async\" loading=\"lazy\" class=\"alignnone size-medium wp-image-8760\" src=\"https:\/\/asfcee.org.br\/wp-content\/uploads\/2026\/08\/Agosto-Lilas-e-um-mes-dedicado-a-conscientizacao-a-prevencao-e-ao-enfrentamento-da-violencia-do-240x300.jpg\" alt=\"\" width=\"240\" height=\"300\" srcset=\"https:\/\/asfcee.org.br\/wp-content\/uploads\/2026\/08\/Agosto-Lilas-e-um-mes-dedicado-a-conscientizacao-a-prevencao-e-ao-enfrentamento-da-violencia-do-240x300.jpg 240w, https:\/\/asfcee.org.br\/wp-content\/uploads\/2026\/08\/Agosto-Lilas-e-um-mes-dedicado-a-conscientizacao-a-prevencao-e-ao-enfrentamento-da-violencia-do-819x1024.jpg 819w, https:\/\/asfcee.org.br\/wp-content\/uploads\/2026\/08\/Agosto-Lilas-e-um-mes-dedicado-a-conscientizacao-a-prevencao-e-ao-enfrentamento-da-violencia-do-768x960.jpg 768w, https:\/\/asfcee.org.br\/wp-content\/uploads\/2026\/08\/Agosto-Lilas-e-um-mes-dedicado-a-conscientizacao-a-prevencao-e-ao-enfrentamento-da-violencia-do.jpg 1170w\" sizes=\"(max-width: 240px) 100vw, 240px\" \/><\/p>\n","protected":false},"excerpt":{"rendered":"<p>Agosto Lil\u00e1s \u00e9 um m\u00eas dedicado \u00e0 conscientiza\u00e7\u00e3o, \u00e0 preven\u00e7\u00e3o e ao enfrentamento da viol\u00eancia dom\u00e9stica e familiar contra a mulher. \u00c9 um per\u00edodo para ampliar o di\u00e1logo sobre o tema, fortalecer a rede de apoio e refor\u00e7ar que toda mulher tem o direito de viver com respeito, dignidade e seguran\u00e7a. A viol\u00eancia pode se [&hellip;]<\/p>\n","protected":false},"author":6,"featured_media":8760,"comment_status":"open","ping_status":"open","sticky":false,"template":"","format":"standard","meta":[],"categories":[59,46,54,2],"tags":[],"_links":{"self":[{"href":"https:\/\/asfcee.org.br\/index.php\/wp-json\/wp\/v2\/posts\/8759"}],"collection":[{"href":"https:\/\/asfcee.org.br\/index.php\/wp-json\/wp\/v2\/posts"}],"about":[{"href":"https:\/\/asfcee.org.br\/index.php\/wp-json\/wp\/v2\/types\/post"}],"author":[{"embeddable":true,"href":"https:\/\/asfcee.org.br\/index.php\/wp-json\/wp\/v2\/users\/6"}],"replies":[{"embeddable":true,"href":"https:\/\/asfcee.org.br\/index.php\/wp-json\/wp\/v2\/comments?post=8759"}],"version-history":[{"count":1,"href":"https:\/\/asfcee.org.br\/index.php\/wp-json\/wp\/v2\/posts\/8759\/revisions"}],"predecessor-version":[{"id":8761,"href":"https:\/\/asfcee.org.br\/index.php\/wp-json\/wp\/v2\/posts\/8759\/revisions\/8761"}],"wp:featuredmedia":[{"embeddable":true,"href":"https:\/\/asfcee.org.br\/index.php\/wp-json\/wp\/v2\/media\/8760"}],"wp:attachment":[{"href":"https:\/\/asfcee.org.br\/index.php\/wp-json\/wp\/v2\/media?parent=8759"}],"wp:term":[{"taxonomy":"category","embeddable":true,"href":"https:\/\/asfcee.org.br\/index.php\/wp-json\/wp\/v2\/categories?post=8759"},{"taxonomy":"post_tag","embeddable":true,"href":"https:\/\/asfcee.org.br\/index.php\/wp-json\/wp\/v2\/tags?post=8759"}],"curies":[{"name":"wp","href":"https:\/\/api.w.org\/{rel}","templated":true}]}}