{"id":8762,"date":"2026-08-09T07:00:14","date_gmt":"2026-08-09T10:00:14","guid":{"rendered":"https:\/\/asfcee.org.br\/?p=8762"},"modified":"2026-08-31T09:25:44","modified_gmt":"2026-08-31T12:25:44","slug":"dia-dos-pais-2","status":"publish","type":"post","link":"https:\/\/asfcee.org.br\/index.php\/2026\/08\/09\/dia-dos-pais-2\/","title":{"rendered":"DIA DOS PAIS"},"content":{"rendered":"<p>Neste Dia dos Pais, a ASFCEE presta uma homenagem especial a todos os pais associados que fazem parte da nossa comunidade!<\/p>\n<p>Ser pai \u00e9 estar presente, orientar, proteger e demonstrar amor em cada gesto. \u00c9 ser exemplo de dedica\u00e7\u00e3o, responsabilidade e cuidado, inspirando aqueles que caminham ao seu lado.<\/p>\n<p>A todos os pais associados, o nosso reconhecimento e gratid\u00e3o por exercerem esse papel com tanto compromisso e carinho. Que o respeito, a valoriza\u00e7\u00e3o e o afeto estejam presentes hoje e em todos os dias.<\/p>\n<p>Feliz Dia dos Pais!<\/p>\n<p>JUNTOS, SOMOS MAIS FORTES! \ud83d\udc99<\/p>\n<p><a class=\"x1i10hfl xjbqb8w x1ejq31n x18oe1m7 x1sy0etr xstzfhl x972fbf x10w94by x1qhh985 x14e42zd x9f619 x1ypdohk xt0psk2 x3ct3a4 xdj266r x14z9mp xat24cr x1lziwak xexx8yu xyri2b x18d9i69 x1c1uobl x16tdsg8 x1hl2dhg xggy1nq x1a2a7pz  _aa9_ _a6hd\" tabindex=\"0\" role=\"link\" href=\"https:\/\/www.instagram.com\/explore\/tags\/descri%C3%A7%C3%A3odaimagem\/\">#Descri\u00e7\u00e3odaImagem<\/a>: arte em tons de azul claro. Na parte superior, aparece uma mensagem da ASFCEE em homenagem aos pais associados e, abaixo, a frase \u201cFeliz Dia dos Pais\u201d, com a palavra \u201cPais\u201d estilizada com um bigode e uma gravata. \u00c0 direita, a imagem mostra um pai sentado ao lado do filho, uma crian\u00e7a com s\u00edndrome de Down, enquanto os dois interagem com um equipamento eletr\u00f4nico. A cena transmite cuidado, presen\u00e7a e v\u00ednculo entre pai e filho. \u00c0 esquerda, aparece o logotipo da ASFCEE em azul.<\/p>\n<p><img decoding=\"async\" loading=\"lazy\" class=\"alignnone size-medium wp-image-8763\" src=\"https:\/\/asfcee.org.br\/wp-content\/uploads\/2026\/08\/Neste-Dia-dos-Pais-a-ASFCEE-presta-uma-homenagem-especial-a-todos-os-pais-associados-que-fazem--240x300.jpg\" alt=\"\" width=\"240\" height=\"300\" srcset=\"https:\/\/asfcee.org.br\/wp-content\/uploads\/2026\/08\/Neste-Dia-dos-Pais-a-ASFCEE-presta-uma-homenagem-especial-a-todos-os-pais-associados-que-fazem--240x300.jpg 240w, https:\/\/asfcee.org.br\/wp-content\/uploads\/2026\/08\/Neste-Dia-dos-Pais-a-ASFCEE-presta-uma-homenagem-especial-a-todos-os-pais-associados-que-fazem--819x1024.jpg 819w, https:\/\/asfcee.org.br\/wp-content\/uploads\/2026\/08\/Neste-Dia-dos-Pais-a-ASFCEE-presta-uma-homenagem-especial-a-todos-os-pais-associados-que-fazem--768x960.jpg 768w, https:\/\/asfcee.org.br\/wp-content\/uploads\/2026\/08\/Neste-Dia-dos-Pais-a-ASFCEE-presta-uma-homenagem-especial-a-todos-os-pais-associados-que-fazem-.jpg 1170w\" sizes=\"(max-width: 240px) 100vw, 240px\" \/><\/p>\n","protected":false},"excerpt":{"rendered":"<p>Neste Dia dos Pais, a ASFCEE presta uma homenagem especial a todos os pais associados que fazem parte da nossa comunidade! Ser pai \u00e9 estar presente, orientar, proteger e demonstrar amor em cada gesto. \u00c9 ser exemplo de dedica\u00e7\u00e3o, responsabilidade e cuidado, inspirando aqueles que caminham ao seu lado. A todos os pais associados, o [&hellip;]<\/p>\n","protected":false},"author":6,"featured_media":8764,"comment_status":"open","ping_status":"open","sticky":false,"template":"","format":"standard","meta":[],"categories":[59,46,54,48],"tags":[],"_links":{"self":[{"href":"https:\/\/asfcee.org.br\/index.php\/wp-json\/wp\/v2\/posts\/8762"}],"collection":[{"href":"https:\/\/asfcee.org.br\/index.php\/wp-json\/wp\/v2\/posts"}],"about":[{"href":"https:\/\/asfcee.org.br\/index.php\/wp-json\/wp\/v2\/types\/post"}],"author":[{"embeddable":true,"href":"https:\/\/asfcee.org.br\/index.php\/wp-json\/wp\/v2\/users\/6"}],"replies":[{"embeddable":true,"href":"https:\/\/asfcee.org.br\/index.php\/wp-json\/wp\/v2\/comments?post=8762"}],"version-history":[{"count":1,"href":"https:\/\/asfcee.org.br\/index.php\/wp-json\/wp\/v2\/posts\/8762\/revisions"}],"predecessor-version":[{"id":8765,"href":"https:\/\/asfcee.org.br\/index.php\/wp-json\/wp\/v2\/posts\/8762\/revisions\/8765"}],"wp:featuredmedia":[{"embeddable":true,"href":"https:\/\/asfcee.org.br\/index.php\/wp-json\/wp\/v2\/media\/8764"}],"wp:attachment":[{"href":"https:\/\/asfcee.org.br\/index.php\/wp-json\/wp\/v2\/media?parent=8762"}],"wp:term":[{"taxonomy":"category","embeddable":true,"href":"https:\/\/asfcee.org.br\/index.php\/wp-json\/wp\/v2\/categories?post=8762"},{"taxonomy":"post_tag","embeddable":true,"href":"https:\/\/asfcee.org.br\/index.php\/wp-json\/wp\/v2\/tags?post=8762"}],"curies":[{"name":"wp","href":"https:\/\/api.w.org\/{rel}","templated":true}]}}