{"id":8766,"date":"2026-08-11T07:00:27","date_gmt":"2026-08-11T10:00:27","guid":{"rendered":"https:\/\/asfcee.org.br\/?p=8766"},"modified":"2026-08-31T09:28:05","modified_gmt":"2026-08-31T12:28:05","slug":"dia-do-advogado-2","status":"publish","type":"post","link":"https:\/\/asfcee.org.br\/index.php\/2026\/08\/11\/dia-do-advogado-2\/","title":{"rendered":"DIA DO ADVOGADO"},"content":{"rendered":"<p>Hoje \u00e9 dia de reconhecer e agradecer a quem transforma conhecimento, \u00e9tica e compromisso em defesa de direitos.<\/p>\n<p>Nossa advogada exerce uma atua\u00e7\u00e3o que vai muito al\u00e9m das demandas jur\u00eddicas. Ao nosso lado, representa uma luta permanente pela valoriza\u00e7\u00e3o da categoria, pela garantia de direitos e pela constru\u00e7\u00e3o de uma sociedade mais justa.<\/p>\n<p>Sua firmeza diante dos desafios, sua dedica\u00e7\u00e3o em cada causa e seu compromisso com a Justi\u00e7a fazem da sua trajet\u00f3ria um exemplo para todos n\u00f3s.<\/p>\n<p>Cada demanda enfrentada, cada direito defendido e cada conquista alcan\u00e7ada carrega tamb\u00e9m a marca do seu trabalho incans\u00e1vel.<\/p>\n<p>A nossa associa\u00e7\u00e3o tem orgulho de contar com uma profissional que acredita na for\u00e7a da uni\u00e3o, na import\u00e2ncia da defesa coletiva e na Justi\u00e7a como instrumento de transforma\u00e7\u00e3o.<\/p>\n<p>Nosso reconhecimento, respeito e gratid\u00e3o por estar ao nosso lado nessa caminhada. \u2764\ufe0f\u2696\ufe0f<\/p>\n<p>Seguimos juntos, sempre na defesa dos direitos e da valoriza\u00e7\u00e3o dos servidores da FCEE.<\/p>\n<p><a class=\"x1i10hfl xjbqb8w x1ejq31n x18oe1m7 x1sy0etr xstzfhl x972fbf x10w94by x1qhh985 x14e42zd x9f619 x1ypdohk xt0psk2 x3ct3a4 xdj266r x14z9mp xat24cr x1lziwak xexx8yu xyri2b x18d9i69 x1c1uobl x16tdsg8 x1hl2dhg xggy1nq x1a2a7pz  _aa9_ _a6hd\" tabindex=\"0\" role=\"link\" href=\"https:\/\/www.instagram.com\/explore\/tags\/descri%C3%A7%C3%A3odaimagem\/\">#Descri\u00e7\u00e3odaImagem<\/a>: arte em tons de azul-marinho e dourado, com elementos que remetem \u00e0 advocacia, como balan\u00e7a da Justi\u00e7a, livros e estante ao fundo. \u00c0 direita, aparece uma mulher sorrindo, vestida de branco e com os bra\u00e7os cruzados. \u00c0 esquerda, o texto destaca o reconhecimento e a valoriza\u00e7\u00e3o dos profissionais que atuam na defesa dos direitos, com responsabilidade, \u00e9tica e dedica\u00e7\u00e3o. Na parte inferior, aparecem os logotipos da ASFCEE e Niemeyer Advocacia.<\/p>\n<p><img decoding=\"async\" loading=\"lazy\" class=\"alignnone size-medium wp-image-8767\" src=\"https:\/\/asfcee.org.br\/wp-content\/uploads\/2026\/08\/Hoje-e-dia-de-reconhecer-e-agradecer-a-quem-transforma-conhecimento-etica-e-compromisso-em-defe-240x300.jpg\" alt=\"\" width=\"240\" height=\"300\" srcset=\"https:\/\/asfcee.org.br\/wp-content\/uploads\/2026\/08\/Hoje-e-dia-de-reconhecer-e-agradecer-a-quem-transforma-conhecimento-etica-e-compromisso-em-defe-240x300.jpg 240w, https:\/\/asfcee.org.br\/wp-content\/uploads\/2026\/08\/Hoje-e-dia-de-reconhecer-e-agradecer-a-quem-transforma-conhecimento-etica-e-compromisso-em-defe-819x1024.jpg 819w, https:\/\/asfcee.org.br\/wp-content\/uploads\/2026\/08\/Hoje-e-dia-de-reconhecer-e-agradecer-a-quem-transforma-conhecimento-etica-e-compromisso-em-defe-768x960.jpg 768w, https:\/\/asfcee.org.br\/wp-content\/uploads\/2026\/08\/Hoje-e-dia-de-reconhecer-e-agradecer-a-quem-transforma-conhecimento-etica-e-compromisso-em-defe.jpg 1170w\" sizes=\"(max-width: 240px) 100vw, 240px\" \/><\/p>\n","protected":false},"excerpt":{"rendered":"<p>Hoje \u00e9 dia de reconhecer e agradecer a quem transforma conhecimento, \u00e9tica e compromisso em defesa de direitos. Nossa advogada exerce uma atua\u00e7\u00e3o que vai muito al\u00e9m das demandas jur\u00eddicas. Ao nosso lado, representa uma luta permanente pela valoriza\u00e7\u00e3o da categoria, pela garantia de direitos e pela constru\u00e7\u00e3o de uma sociedade mais justa. Sua firmeza [&hellip;]<\/p>\n","protected":false},"author":6,"featured_media":8767,"comment_status":"open","ping_status":"open","sticky":false,"template":"","format":"standard","meta":[],"categories":[59,46,54,47,48],"tags":[],"_links":{"self":[{"href":"https:\/\/asfcee.org.br\/index.php\/wp-json\/wp\/v2\/posts\/8766"}],"collection":[{"href":"https:\/\/asfcee.org.br\/index.php\/wp-json\/wp\/v2\/posts"}],"about":[{"href":"https:\/\/asfcee.org.br\/index.php\/wp-json\/wp\/v2\/types\/post"}],"author":[{"embeddable":true,"href":"https:\/\/asfcee.org.br\/index.php\/wp-json\/wp\/v2\/users\/6"}],"replies":[{"embeddable":true,"href":"https:\/\/asfcee.org.br\/index.php\/wp-json\/wp\/v2\/comments?post=8766"}],"version-history":[{"count":1,"href":"https:\/\/asfcee.org.br\/index.php\/wp-json\/wp\/v2\/posts\/8766\/revisions"}],"predecessor-version":[{"id":8768,"href":"https:\/\/asfcee.org.br\/index.php\/wp-json\/wp\/v2\/posts\/8766\/revisions\/8768"}],"wp:featuredmedia":[{"embeddable":true,"href":"https:\/\/asfcee.org.br\/index.php\/wp-json\/wp\/v2\/media\/8767"}],"wp:attachment":[{"href":"https:\/\/asfcee.org.br\/index.php\/wp-json\/wp\/v2\/media?parent=8766"}],"wp:term":[{"taxonomy":"category","embeddable":true,"href":"https:\/\/asfcee.org.br\/index.php\/wp-json\/wp\/v2\/categories?post=8766"},{"taxonomy":"post_tag","embeddable":true,"href":"https:\/\/asfcee.org.br\/index.php\/wp-json\/wp\/v2\/tags?post=8766"}],"curies":[{"name":"wp","href":"https:\/\/api.w.org\/{rel}","templated":true}]}}