{"id":8769,"date":"2026-08-20T07:00:20","date_gmt":"2026-08-20T10:00:20","guid":{"rendered":"https:\/\/asfcee.org.br\/?p=8769"},"modified":"2026-08-31T09:31:22","modified_gmt":"2026-08-31T12:31:22","slug":"conhea-sirlei-ignacio-diretora-parlamentar-do-gurpo-do-magisterio-da-asfcee","status":"publish","type":"post","link":"https:\/\/asfcee.org.br\/index.php\/2026\/08\/20\/conhea-sirlei-ignacio-diretora-parlamentar-do-gurpo-do-magisterio-da-asfcee\/","title":{"rendered":"CONHE\u00c7A SIRLEI IGN\u00c1CIO, DIRETORA PARLAMENTAR DO GURPO DO MAGIST\u00c9RIO DA ASFCEE"},"content":{"rendered":"<p>Com uma trajet\u00f3ria marcada por dedica\u00e7\u00e3o, compromisso e excel\u00eancia, a secret\u00e1ria reflete os valores que sempre fortaleceram e orientaram os trabalhos da associa\u00e7\u00e3o!<\/p>\n<p>Lutando pelos Servidores da Funda\u00e7\u00e3o Catarinense de Educa\u00e7\u00e3o Especial!<\/p>\n<div id='gallery-1' class='gallery galleryid-8769 gallery-columns-3 gallery-size-thumbnail'><figure class='gallery-item'>\n\t\t\t<div class='gallery-icon portrait'>\n\t\t\t\t<a href='https:\/\/asfcee.org.br\/index.php\/2026\/08\/20\/conhea-sirlei-ignacio-diretora-parlamentar-do-gurpo-do-magisterio-da-asfcee\/conheca-sirlei-ignacio-diretora-parlamentar-do-grupo-do-magisterio-da-asfceecom-uma-trajetoria\/'><img width=\"150\" height=\"150\" src=\"https:\/\/asfcee.org.br\/wp-content\/uploads\/2026\/08\/Conheca-Sirlei-Ignacio-Diretora-Parlamentar-do-Grupo-do-Magisterio-da-ASFCEECom-uma-trajetoria-150x150.jpg\" class=\"attachment-thumbnail size-thumbnail\" alt=\"\" decoding=\"async\" loading=\"lazy\" \/><\/a>\n\t\t\t<\/div><\/figure><figure class='gallery-item'>\n\t\t\t<div class='gallery-icon portrait'>\n\t\t\t\t<a href='https:\/\/asfcee.org.br\/index.php\/2026\/08\/20\/conhea-sirlei-ignacio-diretora-parlamentar-do-gurpo-do-magisterio-da-asfcee\/conheca-sirlei-ignacio-diretora-parlamentar-do-grupo-do-magisterio-da-asfceecom-uma-trajetoria-1\/'><img width=\"150\" height=\"150\" src=\"https:\/\/asfcee.org.br\/wp-content\/uploads\/2026\/08\/Conheca-Sirlei-Ignacio-Diretora-Parlamentar-do-Grupo-do-Magisterio-da-ASFCEECom-uma-trajetoria-1-150x150.jpg\" class=\"attachment-thumbnail size-thumbnail\" alt=\"\" decoding=\"async\" loading=\"lazy\" \/><\/a>\n\t\t\t<\/div><\/figure>\n\t\t<\/div>\n\n","protected":false},"excerpt":{"rendered":"<p>Com uma trajet\u00f3ria marcada por dedica\u00e7\u00e3o, compromisso e excel\u00eancia, a secret\u00e1ria reflete os valores que sempre fortaleceram e orientaram os trabalhos da associa\u00e7\u00e3o! Lutando pelos Servidores da Funda\u00e7\u00e3o Catarinense de Educa\u00e7\u00e3o Especial!<\/p>\n","protected":false},"author":6,"featured_media":8771,"comment_status":"open","ping_status":"open","sticky":false,"template":"","format":"standard","meta":[],"categories":[59,46,54,47,48],"tags":[],"_links":{"self":[{"href":"https:\/\/asfcee.org.br\/index.php\/wp-json\/wp\/v2\/posts\/8769"}],"collection":[{"href":"https:\/\/asfcee.org.br\/index.php\/wp-json\/wp\/v2\/posts"}],"about":[{"href":"https:\/\/asfcee.org.br\/index.php\/wp-json\/wp\/v2\/types\/post"}],"author":[{"embeddable":true,"href":"https:\/\/asfcee.org.br\/index.php\/wp-json\/wp\/v2\/users\/6"}],"replies":[{"embeddable":true,"href":"https:\/\/asfcee.org.br\/index.php\/wp-json\/wp\/v2\/comments?post=8769"}],"version-history":[{"count":2,"href":"https:\/\/asfcee.org.br\/index.php\/wp-json\/wp\/v2\/posts\/8769\/revisions"}],"predecessor-version":[{"id":8773,"href":"https:\/\/asfcee.org.br\/index.php\/wp-json\/wp\/v2\/posts\/8769\/revisions\/8773"}],"wp:featuredmedia":[{"embeddable":true,"href":"https:\/\/asfcee.org.br\/index.php\/wp-json\/wp\/v2\/media\/8771"}],"wp:attachment":[{"href":"https:\/\/asfcee.org.br\/index.php\/wp-json\/wp\/v2\/media?parent=8769"}],"wp:term":[{"taxonomy":"category","embeddable":true,"href":"https:\/\/asfcee.org.br\/index.php\/wp-json\/wp\/v2\/categories?post=8769"},{"taxonomy":"post_tag","embeddable":true,"href":"https:\/\/asfcee.org.br\/index.php\/wp-json\/wp\/v2\/tags?post=8769"}],"curies":[{"name":"wp","href":"https:\/\/api.w.org\/{rel}","templated":true}]}}