{"id":8774,"date":"2026-08-26T07:00:20","date_gmt":"2026-08-26T10:00:20","guid":{"rendered":"https:\/\/asfcee.org.br\/?p=8774"},"modified":"2026-08-31T09:34:34","modified_gmt":"2026-08-31T12:34:34","slug":"dia-internacional-da-igualdade-feminina-3","status":"publish","type":"post","link":"https:\/\/asfcee.org.br\/index.php\/2026\/08\/26\/dia-internacional-da-igualdade-feminina-3\/","title":{"rendered":"DIA INTERNACIONAL DA IGUALDADE FEMININA."},"content":{"rendered":"<p>O Dia Internacional da Igualdade Feminina refor\u00e7a uma luta que continua sendo constru\u00edda todos os dias: por respeito, reconhecimento, direitos e oportunidades para todas as mulheres.<\/p>\n<p>Mais do que celebrar conquistas, esta data nos convida a refletir sobre os desafios que ainda existem e sobre a import\u00e2ncia de garantir que mulheres possam ocupar todos os espa\u00e7os com liberdade, seguran\u00e7a e igualdade.<\/p>\n<p>A ASFCEE reconhece e valoriza a for\u00e7a das mulheres que fazem parte da nossa Associa\u00e7\u00e3o e reafirma seu compromisso com a constru\u00e7\u00e3o de espa\u00e7os mais justos, respeitosos e igualit\u00e1rios.<\/p>\n<p>JUNTOS, SOMOS MAIS FORTES! \ud83d\udc9c<\/p>\n<p><a class=\"x1i10hfl xjbqb8w x1ejq31n x18oe1m7 x1sy0etr xstzfhl x972fbf x10w94by x1qhh985 x14e42zd x9f619 x1ypdohk xt0psk2 x3ct3a4 xdj266r x14z9mp xat24cr x1lziwak xexx8yu xyri2b x18d9i69 x1c1uobl x16tdsg8 x1hl2dhg xggy1nq x1a2a7pz  _aa9_ _a6hd\" tabindex=\"0\" role=\"link\" href=\"https:\/\/www.instagram.com\/explore\/tags\/descri%C3%A7%C3%A3odaimagem\/\">#Descri\u00e7\u00e3odaImagem<\/a>: Capa do carrossel em tons de roxo, com uma ilustra\u00e7\u00e3o formada por diferentes rostos femininos sobrepostos, representando a diversidade das mulheres. No canto superior esquerdo, aparece a data \u201c26 Agosto\u201d. Na parte inferior, est\u00e1 o t\u00edtulo \u201cDia Internacional da Igualdade Feminina\u201d, acompanhado da frase \u201cMulheres que transformam, inspiram e fazem a diferen\u00e7a!\u201d. Abaixo, aparece o logotipo da ASFCEE em branco, acompanhado do s\u00edmbolo feminino.<\/p>\n<div id='gallery-1' class='gallery galleryid-8774 gallery-columns-3 gallery-size-thumbnail'><figure class='gallery-item'>\n\t\t\t<div class='gallery-icon portrait'>\n\t\t\t\t<a href='https:\/\/asfcee.org.br\/index.php\/2026\/08\/26\/dia-internacional-da-igualdade-feminina-3\/o-dia-internacional-da-igualdade-feminina-reforca-uma-luta-que-continua-sendo-construida-todos-o-5\/'><img width=\"150\" height=\"150\" src=\"https:\/\/asfcee.org.br\/wp-content\/uploads\/2026\/08\/O-Dia-Internacional-da-Igualdade-Feminina-reforca-uma-luta-que-continua-sendo-construida-todos-o-5-150x150.jpg\" class=\"attachment-thumbnail size-thumbnail\" alt=\"\" decoding=\"async\" loading=\"lazy\" \/><\/a>\n\t\t\t<\/div><\/figure><figure class='gallery-item'>\n\t\t\t<div class='gallery-icon portrait'>\n\t\t\t\t<a href='https:\/\/asfcee.org.br\/index.php\/2026\/08\/26\/dia-internacional-da-igualdade-feminina-3\/o-dia-internacional-da-igualdade-feminina-reforca-uma-luta-que-continua-sendo-construida-todos-o-6\/'><img width=\"150\" height=\"150\" src=\"https:\/\/asfcee.org.br\/wp-content\/uploads\/2026\/08\/O-Dia-Internacional-da-Igualdade-Feminina-reforca-uma-luta-que-continua-sendo-construida-todos-o-6-150x150.jpg\" class=\"attachment-thumbnail size-thumbnail\" alt=\"\" decoding=\"async\" loading=\"lazy\" \/><\/a>\n\t\t\t<\/div><\/figure><figure class='gallery-item'>\n\t\t\t<div class='gallery-icon portrait'>\n\t\t\t\t<a href='https:\/\/asfcee.org.br\/index.php\/2026\/08\/26\/dia-internacional-da-igualdade-feminina-3\/o-dia-internacional-da-igualdade-feminina-reforca-uma-luta-que-continua-sendo-construida-todos-o-2\/'><img width=\"150\" height=\"150\" src=\"https:\/\/asfcee.org.br\/wp-content\/uploads\/2026\/08\/O-Dia-Internacional-da-Igualdade-Feminina-reforca-uma-luta-que-continua-sendo-construida-todos-o-2-150x150.jpg\" class=\"attachment-thumbnail size-thumbnail\" alt=\"\" decoding=\"async\" loading=\"lazy\" \/><\/a>\n\t\t\t<\/div><\/figure><figure class='gallery-item'>\n\t\t\t<div class='gallery-icon portrait'>\n\t\t\t\t<a href='https:\/\/asfcee.org.br\/index.php\/2026\/08\/26\/dia-internacional-da-igualdade-feminina-3\/o-dia-internacional-da-igualdade-feminina-reforca-uma-luta-que-continua-sendo-construida-todos-o-1\/'><img width=\"150\" height=\"150\" src=\"https:\/\/asfcee.org.br\/wp-content\/uploads\/2026\/08\/O-Dia-Internacional-da-Igualdade-Feminina-reforca-uma-luta-que-continua-sendo-construida-todos-o-1-150x150.jpg\" class=\"attachment-thumbnail size-thumbnail\" alt=\"\" decoding=\"async\" loading=\"lazy\" \/><\/a>\n\t\t\t<\/div><\/figure><figure class='gallery-item'>\n\t\t\t<div class='gallery-icon portrait'>\n\t\t\t\t<a href='https:\/\/asfcee.org.br\/index.php\/2026\/08\/26\/dia-internacional-da-igualdade-feminina-3\/o-dia-internacional-da-igualdade-feminina-reforca-uma-luta-que-continua-sendo-construida-todos-o\/'><img width=\"150\" height=\"150\" src=\"https:\/\/asfcee.org.br\/wp-content\/uploads\/2026\/08\/O-Dia-Internacional-da-Igualdade-Feminina-reforca-uma-luta-que-continua-sendo-construida-todos-o-150x150.jpg\" class=\"attachment-thumbnail size-thumbnail\" alt=\"\" decoding=\"async\" loading=\"lazy\" \/><\/a>\n\t\t\t<\/div><\/figure>\n\t\t<\/div>\n\n<p>&nbsp;<\/p>\n","protected":false},"excerpt":{"rendered":"<p>O Dia Internacional da Igualdade Feminina refor\u00e7a uma luta que continua sendo constru\u00edda todos os dias: por respeito, reconhecimento, direitos e oportunidades para todas as mulheres. Mais do que celebrar conquistas, esta data nos convida a refletir sobre os desafios que ainda existem e sobre a import\u00e2ncia de garantir que mulheres possam ocupar todos os [&hellip;]<\/p>\n","protected":false},"author":6,"featured_media":8782,"comment_status":"open","ping_status":"open","sticky":false,"template":"","format":"standard","meta":[],"categories":[59,46,54,47,48],"tags":[],"_links":{"self":[{"href":"https:\/\/asfcee.org.br\/index.php\/wp-json\/wp\/v2\/posts\/8774"}],"collection":[{"href":"https:\/\/asfcee.org.br\/index.php\/wp-json\/wp\/v2\/posts"}],"about":[{"href":"https:\/\/asfcee.org.br\/index.php\/wp-json\/wp\/v2\/types\/post"}],"author":[{"embeddable":true,"href":"https:\/\/asfcee.org.br\/index.php\/wp-json\/wp\/v2\/users\/6"}],"replies":[{"embeddable":true,"href":"https:\/\/asfcee.org.br\/index.php\/wp-json\/wp\/v2\/comments?post=8774"}],"version-history":[{"count":2,"href":"https:\/\/asfcee.org.br\/index.php\/wp-json\/wp\/v2\/posts\/8774\/revisions"}],"predecessor-version":[{"id":8783,"href":"https:\/\/asfcee.org.br\/index.php\/wp-json\/wp\/v2\/posts\/8774\/revisions\/8783"}],"wp:featuredmedia":[{"embeddable":true,"href":"https:\/\/asfcee.org.br\/index.php\/wp-json\/wp\/v2\/media\/8782"}],"wp:attachment":[{"href":"https:\/\/asfcee.org.br\/index.php\/wp-json\/wp\/v2\/media?parent=8774"}],"wp:term":[{"taxonomy":"category","embeddable":true,"href":"https:\/\/asfcee.org.br\/index.php\/wp-json\/wp\/v2\/categories?post=8774"},{"taxonomy":"post_tag","embeddable":true,"href":"https:\/\/asfcee.org.br\/index.php\/wp-json\/wp\/v2\/tags?post=8774"}],"curies":[{"name":"wp","href":"https:\/\/api.w.org\/{rel}","templated":true}]}}