{"id":8794,"date":"2026-08-27T07:00:45","date_gmt":"2026-08-27T10:00:45","guid":{"rendered":"https:\/\/asfcee.org.br\/?p=8794"},"modified":"2026-08-31T09:48:46","modified_gmt":"2026-08-31T12:48:46","slug":"dia-do-psicologo","status":"publish","type":"post","link":"https:\/\/asfcee.org.br\/index.php\/2026\/08\/27\/dia-do-psicologo\/","title":{"rendered":"DIA DO PSIC\u00d3LOGO"},"content":{"rendered":"<p>Hoje celebramos os profissionais que fazem da escuta, do acolhimento e da compreens\u00e3o caminhos para o cuidado com a sa\u00fade em todas as suas dimens\u00f5es.<\/p>\n<p>A Psicologia nos ajuda a olhar para a forma como enfrentamos a vida, nossas rela\u00e7\u00f5es, mudan\u00e7as e diferentes processos. Mais do que cuidar da sa\u00fade mental, o psic\u00f3logo contribui para que cada pessoa possa compreender a si mesma e atravessar seus desafios com mais consci\u00eancia.<\/p>\n<p>Para marcar o Dia do Psic\u00f3logo, a Psic\u00f3loga Cl\u00ednica, Rana Santos, compartilha uma reflex\u00e3o sobre a import\u00e2ncia da Psicologia para a sa\u00fade integral e sobre o espa\u00e7o de escuta como uma oportunidade de cuidar de si. Solte o play e confira! \u25b6\ufe0f<\/p>\n<p>Parabenizamos todos os psic\u00f3logos e psic\u00f3logas associados \u00e0 ASFCEE que exercem essa profiss\u00e3o com \u00e9tica, sensibilidade e compromisso com o cuidado humano.<\/p>\n<p>JUNTOS, SOMOS MAIS FORTES! \ud83d\udc9a<\/p>\n<p><iframe loading=\"lazy\" title=\"DIA DO PSIC\u00d3LOGO\" width=\"563\" height=\"1000\" src=\"https:\/\/www.youtube.com\/embed\/u8aaeo6tXP4?feature=oembed\" frameborder=\"0\" allow=\"accelerometer; autoplay; clipboard-write; encrypted-media; gyroscope; picture-in-picture; web-share\" referrerpolicy=\"strict-origin-when-cross-origin\" allowfullscreen><\/iframe><\/p>\n","protected":false},"excerpt":{"rendered":"<p>Hoje celebramos os profissionais que fazem da escuta, do acolhimento e da compreens\u00e3o caminhos para o cuidado com a sa\u00fade em todas as suas dimens\u00f5es. A Psicologia nos ajuda a olhar para a forma como enfrentamos a vida, nossas rela\u00e7\u00f5es, mudan\u00e7as e diferentes processos. Mais do que cuidar da sa\u00fade mental, o psic\u00f3logo contribui para [&hellip;]<\/p>\n","protected":false},"author":6,"featured_media":8795,"comment_status":"open","ping_status":"open","sticky":false,"template":"","format":"standard","meta":[],"categories":[59,46,54,2,48],"tags":[],"_links":{"self":[{"href":"https:\/\/asfcee.org.br\/index.php\/wp-json\/wp\/v2\/posts\/8794"}],"collection":[{"href":"https:\/\/asfcee.org.br\/index.php\/wp-json\/wp\/v2\/posts"}],"about":[{"href":"https:\/\/asfcee.org.br\/index.php\/wp-json\/wp\/v2\/types\/post"}],"author":[{"embeddable":true,"href":"https:\/\/asfcee.org.br\/index.php\/wp-json\/wp\/v2\/users\/6"}],"replies":[{"embeddable":true,"href":"https:\/\/asfcee.org.br\/index.php\/wp-json\/wp\/v2\/comments?post=8794"}],"version-history":[{"count":2,"href":"https:\/\/asfcee.org.br\/index.php\/wp-json\/wp\/v2\/posts\/8794\/revisions"}],"predecessor-version":[{"id":8797,"href":"https:\/\/asfcee.org.br\/index.php\/wp-json\/wp\/v2\/posts\/8794\/revisions\/8797"}],"wp:featuredmedia":[{"embeddable":true,"href":"https:\/\/asfcee.org.br\/index.php\/wp-json\/wp\/v2\/media\/8795"}],"wp:attachment":[{"href":"https:\/\/asfcee.org.br\/index.php\/wp-json\/wp\/v2\/media?parent=8794"}],"wp:term":[{"taxonomy":"category","embeddable":true,"href":"https:\/\/asfcee.org.br\/index.php\/wp-json\/wp\/v2\/categories?post=8794"},{"taxonomy":"post_tag","embeddable":true,"href":"https:\/\/asfcee.org.br\/index.php\/wp-json\/wp\/v2\/tags?post=8794"}],"curies":[{"name":"wp","href":"https:\/\/api.w.org\/{rel}","templated":true}]}}